{"id":27606,"date":"2026-09-03T08:51:56","date_gmt":"2026-09-03T07:51:56","guid":{"rendered":"https:\/\/vultuschristi.org\/?p=27606"},"modified":"2026-09-04T08:52:25","modified_gmt":"2026-09-04T07:52:25","slug":"marian-o-antiphon-for-3-september-o-ignis-effulgens","status":"publish","type":"post","link":"https:\/\/vultuschristi.org\/index.php\/2026\/09\/marian-o-antiphon-for-3-september-o-ignis-effulgens\/","title":{"rendered":"Marian O Antiphon for 3 September: O Ignis Effulgens"},"content":{"rendered":"<h2>September 3, O Ignis<\/h2>\n<table>\n<tbody>\n<tr>\n<td valign=\"top\"><b>ANT. <\/b> O Ignis effulgens et inextinguibilis! Ignis inflammans et illuminans! Ignis divin\u00e6 caritatis, qui in utero lates beatissim\u00e6 Ann\u00e6! Veni, appare nobis et tuo felicissimo aspectu mentes nostr\u00e6 illuminentur, et corda nostra in amore Dei accendantur.<\/td>\n<td valign=\"top\"><b>ANT. <\/b> O radiant and inextinguishable Fire! Fire inflaming and illuminating! Fire of divine charity, hidden in the womb of blessed Anne! Come, appear to us and illumine our minds with thy most blessed countenance, and set our hearts aflame in the love of God.<\/td>\n<\/tr>\n<tr>\n<td valign=\"top\">\u2123. Numquid cognoscentur, Domine, in tenebris mirabilia tua?<br \/>\n\u211f. Et justitia tua in terra oblivionis?<\/td>\n<td valign=\"top\">\u2123. Shall those in darkness know Thy wonders, O Lord?<br \/>\n\u211f. Or Thy justice in land of oblivion?<\/td>\n<\/tr>\n<tr>\n<td valign=\"top\">Oremus.<br \/>\nPr\u00e6sta, qu\u00e6sumus, Omnipotens Deus, ut qui Beatam Virginem Mariam prius sanctam quam natam colimus, ab omnibus, ipsa intercedente, peccatorum vinculis absoluti, vitam promereamus \u00e6ternam. Per Christum Dominum Nostrum. Amen.<\/td>\n<td valign=\"top\">Let us pray.<br \/>\nGrant, we beseech Thee, Almighty God, that we who hold in veneration that the Virgin Mary was holy before she was born may, absolved from all the chains of sin at her intercession, gain life eternal. Through Christ our Lord. Amen.<\/td>\n<\/tr>\n<\/tbody>\n<\/table>\n<!--[if lt IE 9]><script>document.createElement('audio');<\/script><![endif]-->\n<audio class=\"wp-audio-shortcode\" id=\"audio-27606-1\" preload=\"none\" style=\"width: 100%;\" controls=\"controls\"><source type=\"audio\/mpeg\" src=\"https:\/\/vultuschristi.org\/wp-content\/uploads\/2026\/09\/OIgnisEffulgens.mp3?_=1\" \/><a href=\"https:\/\/vultuschristi.org\/wp-content\/uploads\/2026\/09\/OIgnisEffulgens.mp3\">https:\/\/vultuschristi.org\/wp-content\/uploads\/2026\/09\/OIgnisEffulgens.mp3<\/a><\/audio>\n<p>&nbsp;<\/p>\n<p><a href=\"https:\/\/vultuschristi.org\/index.php\/2024\/09\/the-blessed-virgin-holy-in-the-womb-of-st-anne\/\">Read the meditation from 2024 here.<\/a><\/p>\n<p>&nbsp;<\/p>\n","protected":false},"excerpt":{"rendered":"<p>September 3, O Ignis ANT. O Ignis effulgens et inextinguibilis! Ignis inflammans et illuminans! Ignis divin\u00e6 caritatis, qui in utero lates beatissim\u00e6 Ann\u00e6! Veni, appare nobis et tuo felicissimo aspectu mentes nostr\u00e6 illuminentur, et corda nostra in amore Dei accendantur. ANT. O radiant and inextinguishable Fire! Fire inflaming and illuminating! Fire of divine charity, hidden <\/p>\n","protected":false},"author":589,"featured_media":25494,"comment_status":"closed","ping_status":"closed","sticky":false,"template":"","format":"standard","meta":{"advanced_seo_description":"","jetpack_seo_html_title":"","jetpack_seo_noindex":false,"_jetpack_memberships_contains_paid_content":false,"footnotes":""},"categories":[1],"tags":[],"class_list":["post-27606","post","type-post","status-publish","format-standard","has-post-thumbnail","hentry","category-uncategorized"],"jetpack_featured_media_url":"https:\/\/i0.wp.com\/vultuschristi.org\/wp-content\/uploads\/2024\/09\/559px-Bourdon_Sebastien_-_Burning_bush.jpeg?fit=559%2C720&ssl=1","jetpack_sharing_enabled":true,"jetpack_shortlink":"https:\/\/wp.me\/paVypq-7bg","jetpack-related-posts":[],"_links":{"self":[{"href":"https:\/\/vultuschristi.org\/index.php\/wp-json\/wp\/v2\/posts\/27606"}],"collection":[{"href":"https:\/\/vultuschristi.org\/index.php\/wp-json\/wp\/v2\/posts"}],"about":[{"href":"https:\/\/vultuschristi.org\/index.php\/wp-json\/wp\/v2\/types\/post"}],"author":[{"embeddable":true,"href":"https:\/\/vultuschristi.org\/index.php\/wp-json\/wp\/v2\/users\/589"}],"replies":[{"embeddable":true,"href":"https:\/\/vultuschristi.org\/index.php\/wp-json\/wp\/v2\/comments?post=27606"}],"version-history":[{"count":2,"href":"https:\/\/vultuschristi.org\/index.php\/wp-json\/wp\/v2\/posts\/27606\/revisions"}],"predecessor-version":[{"id":27608,"href":"https:\/\/vultuschristi.org\/index.php\/wp-json\/wp\/v2\/posts\/27606\/revisions\/27608"}],"wp:featuredmedia":[{"embeddable":true,"href":"https:\/\/vultuschristi.org\/index.php\/wp-json\/wp\/v2\/media\/25494"}],"wp:attachment":[{"href":"https:\/\/vultuschristi.org\/index.php\/wp-json\/wp\/v2\/media?parent=27606"}],"wp:term":[{"taxonomy":"category","embeddable":true,"href":"https:\/\/vultuschristi.org\/index.php\/wp-json\/wp\/v2\/categories?post=27606"},{"taxonomy":"post_tag","embeddable":true,"href":"https:\/\/vultuschristi.org\/index.php\/wp-json\/wp\/v2\/tags?post=27606"}],"curies":[{"name":"wp","href":"https:\/\/api.w.org\/{rel}","templated":true}]}}